{"id":2792,"date":"2026-03-28T10:55:26","date_gmt":"2026-03-28T09:55:26","guid":{"rendered":"https:\/\/www.riartturistic.com\/%f0%9f%8f%b0-a-paques-calonge-se-transforme-en-bourg-medieval-avec-des-activites-pour-toute-la-famille\/"},"modified":"2026-04-22T11:07:54","modified_gmt":"2026-04-22T09:07:54","slug":"%f0%9f%8f%b0-a-paques-calonge-se-transforme-en-bourg-medieval-avec-des-activites-pour-toute-la-famille","status":"publish","type":"post","link":"https:\/\/www.riartturistic.com\/fr\/%f0%9f%8f%b0-a-paques-calonge-se-transforme-en-bourg-medieval-avec-des-activites-pour-toute-la-famille\/","title":{"rendered":"\ud83c\udff0 \u00c0 P\u00e2ques, Calonge se transforme en bourg m\u00e9di\u00e9val avec des activit\u00e9s pour toute la famille"},"content":{"rendered":"\t\t<div data-elementor-type=\"wp-post\" data-elementor-id=\"2792\" class=\"elementor elementor-2792 elementor-2758\" data-elementor-post-type=\"post\">\n\t\t\t\t\t\t<section class=\"elementor-section elementor-top-section elementor-element elementor-element-e35b795 elementor-section-boxed elementor-section-height-default elementor-section-height-default\" data-id=\"e35b795\" data-element_type=\"section\" data-e-type=\"section\">\n\t\t\t\t\t\t<div class=\"elementor-container elementor-column-gap-default\">\n\t\t\t\t\t<div class=\"elementor-column elementor-col-33 elementor-top-column elementor-element elementor-element-c73c97e\" data-id=\"c73c97e\" data-element_type=\"column\" data-e-type=\"column\" data-settings=\"{&quot;background_background&quot;:&quot;classic&quot;}\">\n\t\t\t<div class=\"elementor-widget-wrap elementor-element-populated\">\n\t\t\t\t\t\t<div class=\"elementor-element elementor-element-5a232ea elementor-widget elementor-widget-image\" data-id=\"5a232ea\" data-element_type=\"widget\" data-e-type=\"widget\" data-widget_type=\"image.default\">\n\t\t\t\t\t\t\t\t\t\t\t\t\t\t\t<img fetchpriority=\"high\" decoding=\"async\" width=\"640\" height=\"359\" src=\"https:\/\/www.riartturistic.com\/wp-content\/uploads\/2026\/03\/medieval-El-Gerio-1.jpg\" class=\"attachment-large size-large wp-image-2803\" alt=\"alquiler apartamentos sant antoni de calonge\" srcset=\"https:\/\/www.riartturistic.com\/wp-content\/uploads\/2026\/03\/medieval-El-Gerio-1.jpg 750w, https:\/\/www.riartturistic.com\/wp-content\/uploads\/2026\/03\/medieval-El-Gerio-1-300x168.jpg 300w\" sizes=\"(max-width: 640px) 100vw, 640px\" \/>\t\t\t\t\t\t\t\t\t\t\t\t\t\t\t<\/div>\n\t\t\t\t\t<\/div>\n\t\t<\/div>\n\t\t\t\t<div class=\"elementor-column elementor-col-66 elementor-top-column elementor-element elementor-element-1d7e9dc\" data-id=\"1d7e9dc\" data-element_type=\"column\" data-e-type=\"column\" data-settings=\"{&quot;background_background&quot;:&quot;classic&quot;}\">\n\t\t\t<div class=\"elementor-widget-wrap elementor-element-populated\">\n\t\t\t\t\t\t<div class=\"elementor-element elementor-element-a86be05 elementor-widget elementor-widget-text-editor\" data-id=\"a86be05\" data-element_type=\"widget\" data-e-type=\"widget\" data-widget_type=\"text-editor.default\">\n\t\t\t\t\t\t\t\t\t<p>Le centre historique de Calonge vous fera vivre un v\u00e9ritable voyage dans le temps avec la c\u00e9l\u00e9bration de la XXVIIe \u00e9dition de son March\u00e9 m\u00e9di\u00e9val, qui se tiendra les samedi 4 et dimanche 5 avril. Co\u00efncidant avec la Semaine Sainte, cet \u00e9v\u00e9nement d\u00e9sormais bien \u00e9tabli s\u2019impose comme l\u2019une des propositions les plus attrayantes du calendrier touristique de la Costa Brava.<\/p>\n<p>Tout au long du week-end, les rues de la vieille ville s&rsquo;animeront gr\u00e2ce \u00e0 une quarantaine d&rsquo;activit\u00e9s destin\u00e9es \u00e0 tous les publics. Musique live, spectacles itin\u00e9rants, tournois de combat, d\u00e9fil\u00e9s, ateliers et un vaste march\u00e9 artisanal cr\u00e9eront une atmosph\u00e8re m\u00e9di\u00e9vale immersive qui captivera les visiteurs.<\/p>\n\t\t\t\t\t\t\t\t<\/div>\n\t\t\t\t\t<\/div>\n\t\t<\/div>\n\t\t\t\t\t<\/div>\n\t\t<\/section>\n\t\t\t\t<section class=\"elementor-section elementor-top-section elementor-element elementor-element-46a4497 elementor-section-boxed elementor-section-height-default elementor-section-height-default\" data-id=\"46a4497\" data-element_type=\"section\" data-e-type=\"section\" data-settings=\"{&quot;background_background&quot;:&quot;classic&quot;}\">\n\t\t\t\t\t\t<div class=\"elementor-container elementor-column-gap-default\">\n\t\t\t\t\t<div class=\"elementor-column elementor-col-100 elementor-top-column elementor-element elementor-element-ead956b\" data-id=\"ead956b\" data-element_type=\"column\" data-e-type=\"column\">\n\t\t\t<div class=\"elementor-widget-wrap elementor-element-populated\">\n\t\t\t\t\t\t<div class=\"elementor-element elementor-element-8516ca1 elementor-widget elementor-widget-text-editor\" data-id=\"8516ca1\" data-element_type=\"widget\" data-e-type=\"widget\" data-widget_type=\"text-editor.default\">\n\t\t\t\t\t\t\t\t\t<p>\ud83d\ude8c <strong>Navette gratuite pour faciliter l&rsquo;acc\u00e8s<\/strong><\/p>\n<p>L&rsquo;une des grandes nouveaut\u00e9s de cette ann\u00e9e est la mise en place d&rsquo;une navette gratuite qui reliera Sant Antoni de Calonge au centre historique. Le service fonctionnera en continu samedi et dimanche, de 10 h \u00e0 14 h et de 17 h \u00e0 21 h, avec plusieurs arr\u00eats strat\u00e9giques pour faciliter la mobilit\u00e9 pendant ces journ\u00e9es de forte affluence.<\/p>\n\t\t\t\t\t\t\t\t<\/div>\n\t\t\t\t\t<\/div>\n\t\t<\/div>\n\t\t\t\t\t<\/div>\n\t\t<\/section>\n\t\t\t\t<section class=\"elementor-section elementor-top-section elementor-element elementor-element-6ce6624 elementor-section-boxed elementor-section-height-default elementor-section-height-default\" data-id=\"6ce6624\" data-element_type=\"section\" data-e-type=\"section\" data-settings=\"{&quot;background_background&quot;:&quot;classic&quot;}\">\n\t\t\t\t\t\t<div class=\"elementor-container elementor-column-gap-default\">\n\t\t\t\t\t<div class=\"elementor-column elementor-col-100 elementor-top-column elementor-element elementor-element-6be6951\" data-id=\"6be6951\" data-element_type=\"column\" data-e-type=\"column\">\n\t\t\t<div class=\"elementor-widget-wrap elementor-element-populated\">\n\t\t\t\t\t\t<div class=\"elementor-element elementor-element-6e213c7 elementor-widget elementor-widget-text-editor\" data-id=\"6e213c7\" data-element_type=\"widget\" data-e-type=\"widget\" data-widget_type=\"text-editor.default\">\n\t\t\t\t\t\t\t\t\t<p>\ud83c\udfad Culture, histoire et exp\u00e9riences uniques<\/p>\n<p>Le programme comprend \u00e9galement des \u00e9v\u00e9nements phares tels que l&rsquo;ouverture du Castell de Calonge Espacio Gavarres, avec des visites th\u00e9\u00e2tralis\u00e9es qui permettront de d\u00e9couvrir l&rsquo;histoire de la commune de mani\u00e8re vivante.<\/p>\n<p>&nbsp;<\/p>\n<p>De plus, le documentaire \u00ab Abu Bakr de Tortosa \u00bb, r\u00e9alis\u00e9 par Pedro Burruezo et Francesc Esteva, sera projet\u00e9. Cette ann\u00e9e, l&rsquo;accent a \u00e9galement \u00e9t\u00e9 mis sur la r\u00e9novation de la d\u00e9coration des rues et le renforcement de l&rsquo;ambiance gr\u00e2ce \u00e0 davantage de d\u00e9fil\u00e9s itin\u00e9rants, afin d&rsquo;offrir une exp\u00e9rience encore plus intense.<\/p>\n<p>&nbsp;<\/p>\n<p>Fort de plus de deux d\u00e9cennies d&rsquo;existence, le March\u00e9 m\u00e9di\u00e9val de Calonge s&rsquo;impose comme un rendez-vous incontournable pour d\u00e9couvrir le patrimoine, la culture et les traditions dans un cadre unique de la Costa Brava.<\/p>\n<p>&nbsp;<\/p>\n<p><strong>Consultez le programme ici : <a href=\"https:\/\/tuit.cat\/036H2\">https:\/\/tuit.cat\/036H2<\/a><\/strong><\/p>\n\t\t\t\t\t\t\t\t<\/div>\n\t\t\t\t\t<\/div>\n\t\t<\/div>\n\t\t\t\t\t<\/div>\n\t\t<\/section>\n\t\t\t\t<\/div>\n\t\t","protected":false},"excerpt":{"rendered":"<p>Le centre historique de Calonge vous fera vivre un v\u00e9ritable voyage dans le temps avec la c\u00e9l\u00e9bration de la XXVIIe \u00e9dition de son March\u00e9 m\u00e9di\u00e9val, qui se tiendra les samedi 4 et dimanche 5 avril. Co\u00efncidant avec la Semaine Sainte, cet \u00e9v\u00e9nement d\u00e9sormais bien \u00e9tabli s\u2019impose comme l\u2019une des propositions les plus attrayantes du calendrier touristique de la Costa Brava.<\/p>\n","protected":false},"author":2,"featured_media":2820,"comment_status":"open","ping_status":"open","sticky":false,"template":"","format":"standard","meta":{"footnotes":""},"categories":[31],"tags":[53,52,51],"class_list":["post-2792","post","type-post","status-publish","format-standard","has-post-thumbnail","hentry","category-fetes","tag-cultura","tag-medieval","tag-mercats"],"yoast_head":"<!-- This site is optimized with the Yoast SEO plugin v27.5 - https:\/\/yoast.com\/product\/yoast-seo-wordpress\/ -->\n<title>Appartements \u00e0 louer \u00e0 Sant Antoni de Calonge | P\u00e2ques<\/title>\n<meta name=\"description\" content=\"D\u00e9couvrez Calonge pendant la Semaine de P\u00e2ques et profitez de locations d&#039;appartements \u00e0 Sant Antoni de Calonge. Activit\u00e9s m\u00e9di\u00e9vales sur la Costa Brava.\" \/>\n<meta name=\"robots\" content=\"index, follow, max-snippet:-1, max-image-preview:large, max-video-preview:-1\" \/>\n<link rel=\"canonical\" href=\"https:\/\/www.riartturistic.com\/fr\/%f0%9f%8f%b0-a-paques-calonge-se-transforme-en-bourg-medieval-avec-des-activites-pour-toute-la-famille\/\" \/>\n<meta property=\"og:locale\" content=\"fr_FR\" \/>\n<meta property=\"og:type\" content=\"article\" \/>\n<meta property=\"og:title\" content=\"Appartements \u00e0 louer \u00e0 Sant Antoni de Calonge | P\u00e2ques\" \/>\n<meta property=\"og:description\" content=\"D\u00e9couvrez Calonge pendant la Semaine de P\u00e2ques et profitez de locations d&#039;appartements \u00e0 Sant Antoni de Calonge. Activit\u00e9s m\u00e9di\u00e9vales sur la Costa Brava.\" \/>\n<meta property=\"og:url\" content=\"https:\/\/www.riartturistic.com\/fr\/%f0%9f%8f%b0-a-paques-calonge-se-transforme-en-bourg-medieval-avec-des-activites-pour-toute-la-famille\/\" \/>\n<meta property=\"og:site_name\" content=\"Riart Tur\u00edstic - Alquiler Vacacional en Calonge, Sant Antoni y Torre Valentina\" \/>\n<meta property=\"article:publisher\" content=\"https:\/\/www.facebook.com\/finquesriart\" \/>\n<meta property=\"article:published_time\" content=\"2026-03-28T09:55:26+00:00\" \/>\n<meta property=\"article:modified_time\" content=\"2026-04-22T09:07:54+00:00\" \/>\n<meta property=\"og:image\" content=\"https:\/\/www.riartturistic.com\/wp-content\/uploads\/2026\/03\/mercat-medieval-Ajuntament-de-Calonge-i-Sant-Antoni1-1-1024x768.jpg\" \/>\n\t<meta property=\"og:image:width\" content=\"1024\" \/>\n\t<meta property=\"og:image:height\" content=\"768\" \/>\n\t<meta property=\"og:image:type\" content=\"image\/jpeg\" \/>\n<meta name=\"author\" content=\"riartadmin\" \/>\n<meta name=\"twitter:card\" content=\"summary_large_image\" \/>\n<meta name=\"twitter:label1\" content=\"\u00c9crit par\" \/>\n\t<meta name=\"twitter:data1\" content=\"riartadmin\" \/>\n\t<meta name=\"twitter:label2\" content=\"Dur\u00e9e de lecture estim\u00e9e\" \/>\n\t<meta name=\"twitter:data2\" content=\"2 minutes\" \/>\n<script type=\"application\/ld+json\" class=\"yoast-schema-graph\">{\"@context\":\"https:\\\/\\\/schema.org\",\"@graph\":[{\"@type\":\"Article\",\"@id\":\"https:\\\/\\\/www.riartturistic.com\\\/fr\\\/%f0%9f%8f%b0-a-paques-calonge-se-transforme-en-bourg-medieval-avec-des-activites-pour-toute-la-famille\\\/#article\",\"isPartOf\":{\"@id\":\"https:\\\/\\\/www.riartturistic.com\\\/fr\\\/%f0%9f%8f%b0-a-paques-calonge-se-transforme-en-bourg-medieval-avec-des-activites-pour-toute-la-famille\\\/\"},\"author\":{\"name\":\"riartadmin\",\"@id\":\"https:\\\/\\\/www.riartturistic.com\\\/fr\\\/#\\\/schema\\\/person\\\/2fc08523e15a3a2c75adc31898f6c9f9\"},\"headline\":\"\ud83c\udff0 \u00c0 P\u00e2ques, Calonge se transforme en bourg m\u00e9di\u00e9val avec des activit\u00e9s pour toute la famille\",\"datePublished\":\"2026-03-28T09:55:26+00:00\",\"dateModified\":\"2026-04-22T09:07:54+00:00\",\"mainEntityOfPage\":{\"@id\":\"https:\\\/\\\/www.riartturistic.com\\\/fr\\\/%f0%9f%8f%b0-a-paques-calonge-se-transforme-en-bourg-medieval-avec-des-activites-pour-toute-la-famille\\\/\"},\"wordCount\":364,\"commentCount\":0,\"publisher\":{\"@id\":\"https:\\\/\\\/www.riartturistic.com\\\/fr\\\/#organization\"},\"image\":{\"@id\":\"https:\\\/\\\/www.riartturistic.com\\\/fr\\\/%f0%9f%8f%b0-a-paques-calonge-se-transforme-en-bourg-medieval-avec-des-activites-pour-toute-la-famille\\\/#primaryimage\"},\"thumbnailUrl\":\"https:\\\/\\\/www.riartturistic.com\\\/wp-content\\\/uploads\\\/2026\\\/03\\\/mercat-medieval-Ajuntament-de-Calonge-i-Sant-Antoni1-1.jpg\",\"keywords\":[\"cultura\",\"medieval\",\"mercats\"],\"articleSection\":[\"F\u00eates\"],\"inLanguage\":\"fr-FR\",\"potentialAction\":[{\"@type\":\"CommentAction\",\"name\":\"Comment\",\"target\":[\"https:\\\/\\\/www.riartturistic.com\\\/fr\\\/%f0%9f%8f%b0-a-paques-calonge-se-transforme-en-bourg-medieval-avec-des-activites-pour-toute-la-famille\\\/#respond\"]}]},{\"@type\":\"WebPage\",\"@id\":\"https:\\\/\\\/www.riartturistic.com\\\/fr\\\/%f0%9f%8f%b0-a-paques-calonge-se-transforme-en-bourg-medieval-avec-des-activites-pour-toute-la-famille\\\/\",\"url\":\"https:\\\/\\\/www.riartturistic.com\\\/fr\\\/%f0%9f%8f%b0-a-paques-calonge-se-transforme-en-bourg-medieval-avec-des-activites-pour-toute-la-famille\\\/\",\"name\":\"Appartements \u00e0 louer \u00e0 Sant Antoni de Calonge | P\u00e2ques\",\"isPartOf\":{\"@id\":\"https:\\\/\\\/www.riartturistic.com\\\/fr\\\/#website\"},\"primaryImageOfPage\":{\"@id\":\"https:\\\/\\\/www.riartturistic.com\\\/fr\\\/%f0%9f%8f%b0-a-paques-calonge-se-transforme-en-bourg-medieval-avec-des-activites-pour-toute-la-famille\\\/#primaryimage\"},\"image\":{\"@id\":\"https:\\\/\\\/www.riartturistic.com\\\/fr\\\/%f0%9f%8f%b0-a-paques-calonge-se-transforme-en-bourg-medieval-avec-des-activites-pour-toute-la-famille\\\/#primaryimage\"},\"thumbnailUrl\":\"https:\\\/\\\/www.riartturistic.com\\\/wp-content\\\/uploads\\\/2026\\\/03\\\/mercat-medieval-Ajuntament-de-Calonge-i-Sant-Antoni1-1.jpg\",\"datePublished\":\"2026-03-28T09:55:26+00:00\",\"dateModified\":\"2026-04-22T09:07:54+00:00\",\"description\":\"D\u00e9couvrez Calonge pendant la Semaine de P\u00e2ques et profitez de locations d'appartements \u00e0 Sant Antoni de Calonge. Activit\u00e9s m\u00e9di\u00e9vales sur la Costa Brava.\",\"breadcrumb\":{\"@id\":\"https:\\\/\\\/www.riartturistic.com\\\/fr\\\/%f0%9f%8f%b0-a-paques-calonge-se-transforme-en-bourg-medieval-avec-des-activites-pour-toute-la-famille\\\/#breadcrumb\"},\"inLanguage\":\"fr-FR\",\"potentialAction\":[{\"@type\":\"ReadAction\",\"target\":[\"https:\\\/\\\/www.riartturistic.com\\\/fr\\\/%f0%9f%8f%b0-a-paques-calonge-se-transforme-en-bourg-medieval-avec-des-activites-pour-toute-la-famille\\\/\"]}]},{\"@type\":\"BreadcrumbList\",\"@id\":\"https:\\\/\\\/www.riartturistic.com\\\/fr\\\/%f0%9f%8f%b0-a-paques-calonge-se-transforme-en-bourg-medieval-avec-des-activites-pour-toute-la-famille\\\/#breadcrumb\",\"itemListElement\":[{\"@type\":\"ListItem\",\"position\":1,\"name\":\"Inicio\",\"item\":\"https:\\\/\\\/www.riartturistic.com\\\/fr\\\/\"},{\"@type\":\"ListItem\",\"position\":2,\"name\":\"\ud83c\udff0 \u00c0 P\u00e2ques, Calonge se transforme en bourg m\u00e9di\u00e9val avec des activit\u00e9s pour toute la famille\"}]},{\"@type\":\"WebSite\",\"@id\":\"https:\\\/\\\/www.riartturistic.com\\\/fr\\\/#website\",\"url\":\"https:\\\/\\\/www.riartturistic.com\\\/fr\\\/\",\"name\":\"Riart Tur\u00edstic - Alquiler Vacacional en Calonge, Sant Antoni y Torre Valentina\",\"description\":\"Riart Tur\u00edstic - Alquiler Vacacional en Calonge, Sant Antoni y Torre Valentina\",\"publisher\":{\"@id\":\"https:\\\/\\\/www.riartturistic.com\\\/fr\\\/#organization\"},\"alternateName\":\"Riart Tur\u00edstic\",\"potentialAction\":[{\"@type\":\"SearchAction\",\"target\":{\"@type\":\"EntryPoint\",\"urlTemplate\":\"https:\\\/\\\/www.riartturistic.com\\\/resultados-de-busqueda\\\/?search_text={search_term_string}\"},\"query-input\":{\"@type\":\"PropertyValueSpecification\",\"valueRequired\":true,\"valueName\":\"search_term_string\"}}],\"inLanguage\":\"fr-FR\"},{\"@type\":\"Organization\",\"@id\":\"https:\\\/\\\/www.riartturistic.com\\\/fr\\\/#organization\",\"name\":\"Finques Riart - Alquiler Vacacional en Calonge, Sant Antoni y Palam\u00f3s\",\"url\":\"https:\\\/\\\/www.riartturistic.com\\\/fr\\\/\",\"logo\":{\"@type\":\"ImageObject\",\"inLanguage\":\"fr-FR\",\"@id\":\"https:\\\/\\\/www.riartturistic.com\\\/fr\\\/#\\\/schema\\\/logo\\\/image\\\/\",\"url\":\"https:\\\/\\\/www.riartturistic.com\\\/wp-content\\\/uploads\\\/2025\\\/11\\\/RIARTuristic-claim-negatiu-sense-fons-4.png\",\"contentUrl\":\"https:\\\/\\\/www.riartturistic.com\\\/wp-content\\\/uploads\\\/2025\\\/11\\\/RIARTuristic-claim-negatiu-sense-fons-4.png\",\"width\":1200,\"height\":256,\"caption\":\"Finques Riart - Alquiler Vacacional en Calonge, Sant Antoni y Palam\u00f3s\"},\"image\":{\"@id\":\"https:\\\/\\\/www.riartturistic.com\\\/fr\\\/#\\\/schema\\\/logo\\\/image\\\/\"},\"sameAs\":[\"https:\\\/\\\/www.facebook.com\\\/finquesriart\",\"https:\\\/\\\/www.instagram.com\\\/ceigrupfinquesriart\\\/\"]},{\"@type\":\"Person\",\"@id\":\"https:\\\/\\\/www.riartturistic.com\\\/fr\\\/#\\\/schema\\\/person\\\/2fc08523e15a3a2c75adc31898f6c9f9\",\"name\":\"riartadmin\",\"image\":{\"@type\":\"ImageObject\",\"inLanguage\":\"fr-FR\",\"@id\":\"https:\\\/\\\/secure.gravatar.com\\\/avatar\\\/0e97ab1b7908e68b1376292615ebc56831402d9569b889b6957f63b8b4a650e3?s=96&d=mm&r=g\",\"url\":\"https:\\\/\\\/secure.gravatar.com\\\/avatar\\\/0e97ab1b7908e68b1376292615ebc56831402d9569b889b6957f63b8b4a650e3?s=96&d=mm&r=g\",\"contentUrl\":\"https:\\\/\\\/secure.gravatar.com\\\/avatar\\\/0e97ab1b7908e68b1376292615ebc56831402d9569b889b6957f63b8b4a650e3?s=96&d=mm&r=g\",\"caption\":\"riartadmin\"}}]}<\/script>\n<!-- \/ Yoast SEO plugin. -->","yoast_head_json":{"title":"Appartements \u00e0 louer \u00e0 Sant Antoni de Calonge | P\u00e2ques","description":"D\u00e9couvrez Calonge pendant la Semaine de P\u00e2ques et profitez de locations d'appartements \u00e0 Sant Antoni de Calonge. Activit\u00e9s m\u00e9di\u00e9vales sur la Costa Brava.","robots":{"index":"index","follow":"follow","max-snippet":"max-snippet:-1","max-image-preview":"max-image-preview:large","max-video-preview":"max-video-preview:-1"},"canonical":"https:\/\/www.riartturistic.com\/fr\/%f0%9f%8f%b0-a-paques-calonge-se-transforme-en-bourg-medieval-avec-des-activites-pour-toute-la-famille\/","og_locale":"fr_FR","og_type":"article","og_title":"Appartements \u00e0 louer \u00e0 Sant Antoni de Calonge | P\u00e2ques","og_description":"D\u00e9couvrez Calonge pendant la Semaine de P\u00e2ques et profitez de locations d'appartements \u00e0 Sant Antoni de Calonge. Activit\u00e9s m\u00e9di\u00e9vales sur la Costa Brava.","og_url":"https:\/\/www.riartturistic.com\/fr\/%f0%9f%8f%b0-a-paques-calonge-se-transforme-en-bourg-medieval-avec-des-activites-pour-toute-la-famille\/","og_site_name":"Riart Tur\u00edstic - Alquiler Vacacional en Calonge, Sant Antoni y Torre Valentina","article_publisher":"https:\/\/www.facebook.com\/finquesriart","article_published_time":"2026-03-28T09:55:26+00:00","article_modified_time":"2026-04-22T09:07:54+00:00","og_image":[{"width":1024,"height":768,"url":"https:\/\/www.riartturistic.com\/wp-content\/uploads\/2026\/03\/mercat-medieval-Ajuntament-de-Calonge-i-Sant-Antoni1-1-1024x768.jpg","type":"image\/jpeg"}],"author":"riartadmin","twitter_card":"summary_large_image","twitter_misc":{"\u00c9crit par":"riartadmin","Dur\u00e9e de lecture estim\u00e9e":"2 minutes"},"schema":{"@context":"https:\/\/schema.org","@graph":[{"@type":"Article","@id":"https:\/\/www.riartturistic.com\/fr\/%f0%9f%8f%b0-a-paques-calonge-se-transforme-en-bourg-medieval-avec-des-activites-pour-toute-la-famille\/#article","isPartOf":{"@id":"https:\/\/www.riartturistic.com\/fr\/%f0%9f%8f%b0-a-paques-calonge-se-transforme-en-bourg-medieval-avec-des-activites-pour-toute-la-famille\/"},"author":{"name":"riartadmin","@id":"https:\/\/www.riartturistic.com\/fr\/#\/schema\/person\/2fc08523e15a3a2c75adc31898f6c9f9"},"headline":"\ud83c\udff0 \u00c0 P\u00e2ques, Calonge se transforme en bourg m\u00e9di\u00e9val avec des activit\u00e9s pour toute la famille","datePublished":"2026-03-28T09:55:26+00:00","dateModified":"2026-04-22T09:07:54+00:00","mainEntityOfPage":{"@id":"https:\/\/www.riartturistic.com\/fr\/%f0%9f%8f%b0-a-paques-calonge-se-transforme-en-bourg-medieval-avec-des-activites-pour-toute-la-famille\/"},"wordCount":364,"commentCount":0,"publisher":{"@id":"https:\/\/www.riartturistic.com\/fr\/#organization"},"image":{"@id":"https:\/\/www.riartturistic.com\/fr\/%f0%9f%8f%b0-a-paques-calonge-se-transforme-en-bourg-medieval-avec-des-activites-pour-toute-la-famille\/#primaryimage"},"thumbnailUrl":"https:\/\/www.riartturistic.com\/wp-content\/uploads\/2026\/03\/mercat-medieval-Ajuntament-de-Calonge-i-Sant-Antoni1-1.jpg","keywords":["cultura","medieval","mercats"],"articleSection":["F\u00eates"],"inLanguage":"fr-FR","potentialAction":[{"@type":"CommentAction","name":"Comment","target":["https:\/\/www.riartturistic.com\/fr\/%f0%9f%8f%b0-a-paques-calonge-se-transforme-en-bourg-medieval-avec-des-activites-pour-toute-la-famille\/#respond"]}]},{"@type":"WebPage","@id":"https:\/\/www.riartturistic.com\/fr\/%f0%9f%8f%b0-a-paques-calonge-se-transforme-en-bourg-medieval-avec-des-activites-pour-toute-la-famille\/","url":"https:\/\/www.riartturistic.com\/fr\/%f0%9f%8f%b0-a-paques-calonge-se-transforme-en-bourg-medieval-avec-des-activites-pour-toute-la-famille\/","name":"Appartements \u00e0 louer \u00e0 Sant Antoni de Calonge | P\u00e2ques","isPartOf":{"@id":"https:\/\/www.riartturistic.com\/fr\/#website"},"primaryImageOfPage":{"@id":"https:\/\/www.riartturistic.com\/fr\/%f0%9f%8f%b0-a-paques-calonge-se-transforme-en-bourg-medieval-avec-des-activites-pour-toute-la-famille\/#primaryimage"},"image":{"@id":"https:\/\/www.riartturistic.com\/fr\/%f0%9f%8f%b0-a-paques-calonge-se-transforme-en-bourg-medieval-avec-des-activites-pour-toute-la-famille\/#primaryimage"},"thumbnailUrl":"https:\/\/www.riartturistic.com\/wp-content\/uploads\/2026\/03\/mercat-medieval-Ajuntament-de-Calonge-i-Sant-Antoni1-1.jpg","datePublished":"2026-03-28T09:55:26+00:00","dateModified":"2026-04-22T09:07:54+00:00","description":"D\u00e9couvrez Calonge pendant la Semaine de P\u00e2ques et profitez de locations d'appartements \u00e0 Sant Antoni de Calonge. Activit\u00e9s m\u00e9di\u00e9vales sur la Costa Brava.","breadcrumb":{"@id":"https:\/\/www.riartturistic.com\/fr\/%f0%9f%8f%b0-a-paques-calonge-se-transforme-en-bourg-medieval-avec-des-activites-pour-toute-la-famille\/#breadcrumb"},"inLanguage":"fr-FR","potentialAction":[{"@type":"ReadAction","target":["https:\/\/www.riartturistic.com\/fr\/%f0%9f%8f%b0-a-paques-calonge-se-transforme-en-bourg-medieval-avec-des-activites-pour-toute-la-famille\/"]}]},{"@type":"BreadcrumbList","@id":"https:\/\/www.riartturistic.com\/fr\/%f0%9f%8f%b0-a-paques-calonge-se-transforme-en-bourg-medieval-avec-des-activites-pour-toute-la-famille\/#breadcrumb","itemListElement":[{"@type":"ListItem","position":1,"name":"Inicio","item":"https:\/\/www.riartturistic.com\/fr\/"},{"@type":"ListItem","position":2,"name":"\ud83c\udff0 \u00c0 P\u00e2ques, Calonge se transforme en bourg m\u00e9di\u00e9val avec des activit\u00e9s pour toute la famille"}]},{"@type":"WebSite","@id":"https:\/\/www.riartturistic.com\/fr\/#website","url":"https:\/\/www.riartturistic.com\/fr\/","name":"Riart Tur\u00edstic - Alquiler Vacacional en Calonge, Sant Antoni y Torre Valentina","description":"Riart Tur\u00edstic - Alquiler Vacacional en Calonge, Sant Antoni y Torre Valentina","publisher":{"@id":"https:\/\/www.riartturistic.com\/fr\/#organization"},"alternateName":"Riart Tur\u00edstic","potentialAction":[{"@type":"SearchAction","target":{"@type":"EntryPoint","urlTemplate":"https:\/\/www.riartturistic.com\/resultados-de-busqueda\/?search_text={search_term_string}"},"query-input":{"@type":"PropertyValueSpecification","valueRequired":true,"valueName":"search_term_string"}}],"inLanguage":"fr-FR"},{"@type":"Organization","@id":"https:\/\/www.riartturistic.com\/fr\/#organization","name":"Finques Riart - Alquiler Vacacional en Calonge, Sant Antoni y Palam\u00f3s","url":"https:\/\/www.riartturistic.com\/fr\/","logo":{"@type":"ImageObject","inLanguage":"fr-FR","@id":"https:\/\/www.riartturistic.com\/fr\/#\/schema\/logo\/image\/","url":"https:\/\/www.riartturistic.com\/wp-content\/uploads\/2025\/11\/RIARTuristic-claim-negatiu-sense-fons-4.png","contentUrl":"https:\/\/www.riartturistic.com\/wp-content\/uploads\/2025\/11\/RIARTuristic-claim-negatiu-sense-fons-4.png","width":1200,"height":256,"caption":"Finques Riart - Alquiler Vacacional en Calonge, Sant Antoni y Palam\u00f3s"},"image":{"@id":"https:\/\/www.riartturistic.com\/fr\/#\/schema\/logo\/image\/"},"sameAs":["https:\/\/www.facebook.com\/finquesriart","https:\/\/www.instagram.com\/ceigrupfinquesriart\/"]},{"@type":"Person","@id":"https:\/\/www.riartturistic.com\/fr\/#\/schema\/person\/2fc08523e15a3a2c75adc31898f6c9f9","name":"riartadmin","image":{"@type":"ImageObject","inLanguage":"fr-FR","@id":"https:\/\/secure.gravatar.com\/avatar\/0e97ab1b7908e68b1376292615ebc56831402d9569b889b6957f63b8b4a650e3?s=96&d=mm&r=g","url":"https:\/\/secure.gravatar.com\/avatar\/0e97ab1b7908e68b1376292615ebc56831402d9569b889b6957f63b8b4a650e3?s=96&d=mm&r=g","contentUrl":"https:\/\/secure.gravatar.com\/avatar\/0e97ab1b7908e68b1376292615ebc56831402d9569b889b6957f63b8b4a650e3?s=96&d=mm&r=g","caption":"riartadmin"}}]}},"_links":{"self":[{"href":"https:\/\/www.riartturistic.com\/fr\/wp-json\/wp\/v2\/posts\/2792","targetHints":{"allow":["GET"]}}],"collection":[{"href":"https:\/\/www.riartturistic.com\/fr\/wp-json\/wp\/v2\/posts"}],"about":[{"href":"https:\/\/www.riartturistic.com\/fr\/wp-json\/wp\/v2\/types\/post"}],"author":[{"embeddable":true,"href":"https:\/\/www.riartturistic.com\/fr\/wp-json\/wp\/v2\/users\/2"}],"replies":[{"embeddable":true,"href":"https:\/\/www.riartturistic.com\/fr\/wp-json\/wp\/v2\/comments?post=2792"}],"version-history":[{"count":5,"href":"https:\/\/www.riartturistic.com\/fr\/wp-json\/wp\/v2\/posts\/2792\/revisions"}],"predecessor-version":[{"id":3045,"href":"https:\/\/www.riartturistic.com\/fr\/wp-json\/wp\/v2\/posts\/2792\/revisions\/3045"}],"wp:featuredmedia":[{"embeddable":true,"href":"https:\/\/www.riartturistic.com\/fr\/wp-json\/wp\/v2\/media\/2820"}],"wp:attachment":[{"href":"https:\/\/www.riartturistic.com\/fr\/wp-json\/wp\/v2\/media?parent=2792"}],"wp:term":[{"taxonomy":"category","embeddable":true,"href":"https:\/\/www.riartturistic.com\/fr\/wp-json\/wp\/v2\/categories?post=2792"},{"taxonomy":"post_tag","embeddable":true,"href":"https:\/\/www.riartturistic.com\/fr\/wp-json\/wp\/v2\/tags?post=2792"}],"curies":[{"name":"wp","href":"https:\/\/api.w.org\/{rel}","templated":true}]}}