{"id":47,"count":2,"description":"","link":"https:\/\/www.riartturistic.com\/ca\/tag\/cultura\/","name":"cultura","slug":"cultura","taxonomy":"post_tag","meta":[],"yoast_head":"<!-- This site is optimized with the Yoast SEO plugin v27.5 - https:\/\/yoast.com\/product\/yoast-seo-wordpress\/ -->\n<title>cultura archivos - Riart Tur\u00edstic - Alquiler Vacacional en Calonge, Sant Antoni y Torre Valentina<\/title>\n<meta name=\"description\" content=\"Riart Tur\u00edstic, tu agencia de confianza. Alquiler tur\u00edstico de casas y apartamentos en Calonge, Sant Antoni y Torre Valentina en la Costa Brava\" \/>\n<meta name=\"robots\" content=\"index, follow, max-snippet:-1, max-image-preview:large, max-video-preview:-1\" \/>\n<link rel=\"canonical\" href=\"https:\/\/www.riartturistic.com\/ca\/tag\/cultura\/\" \/>\n<meta property=\"og:locale\" content=\"ca_ES\" \/>\n<meta property=\"og:type\" content=\"article\" \/>\n<meta property=\"og:title\" content=\"cultura archivos - Riart Tur\u00edstic - Alquiler Vacacional en Calonge, Sant Antoni y Torre Valentina\" \/>\n<meta property=\"og:description\" content=\"Riart Tur\u00edstic, tu agencia de confianza. Alquiler tur\u00edstico de casas y apartamentos en Calonge, Sant Antoni y Torre Valentina en la Costa Brava\" \/>\n<meta property=\"og:url\" content=\"https:\/\/www.riartturistic.com\/ca\/tag\/cultura\/\" \/>\n<meta property=\"og:site_name\" content=\"Riart Tur\u00edstic - Alquiler Vacacional en Calonge, Sant Antoni y Torre Valentina\" \/>\n<meta property=\"og:image\" content=\"https:\/\/www.riartturistic.com\/wp-content\/uploads\/2025\/10\/rrss-riart.jpg\" \/>\n\t<meta property=\"og:image:width\" content=\"1280\" \/>\n\t<meta property=\"og:image:height\" content=\"720\" \/>\n\t<meta property=\"og:image:type\" content=\"image\/jpeg\" \/>\n<meta name=\"twitter:card\" content=\"summary_large_image\" \/>\n<script type=\"application\/ld+json\" class=\"yoast-schema-graph\">{\"@context\":\"https:\\\/\\\/schema.org\",\"@graph\":[{\"@type\":\"CollectionPage\",\"@id\":\"https:\\\/\\\/www.riartturistic.com\\\/ca\\\/tag\\\/cultura\\\/\",\"url\":\"https:\\\/\\\/www.riartturistic.com\\\/ca\\\/tag\\\/cultura\\\/\",\"name\":\"cultura archivos - Riart Tur\u00edstic - Alquiler Vacacional en Calonge, Sant Antoni y Torre Valentina\",\"isPartOf\":{\"@id\":\"https:\\\/\\\/www.riartturistic.com\\\/ca\\\/#website\"},\"description\":\"Riart Tur\u00edstic, tu agencia de confianza. Alquiler tur\u00edstico de casas y apartamentos en Calonge, Sant Antoni y Torre Valentina en la Costa Brava\",\"breadcrumb\":{\"@id\":\"https:\\\/\\\/www.riartturistic.com\\\/ca\\\/tag\\\/cultura\\\/#breadcrumb\"},\"inLanguage\":\"ca\"},{\"@type\":\"BreadcrumbList\",\"@id\":\"https:\\\/\\\/www.riartturistic.com\\\/ca\\\/tag\\\/cultura\\\/#breadcrumb\",\"itemListElement\":[{\"@type\":\"ListItem\",\"position\":1,\"name\":\"Inicio\",\"item\":\"https:\\\/\\\/www.riartturistic.com\\\/ca\\\/\"},{\"@type\":\"ListItem\",\"position\":2,\"name\":\"cultura\"}]},{\"@type\":\"WebSite\",\"@id\":\"https:\\\/\\\/www.riartturistic.com\\\/ca\\\/#website\",\"url\":\"https:\\\/\\\/www.riartturistic.com\\\/ca\\\/\",\"name\":\"Riart Tur\u00edstic - Alquiler Vacacional en Calonge, Sant Antoni y Torre Valentina\",\"description\":\"Riart Tur\u00edstic - Alquiler Vacacional en Calonge, Sant Antoni y Torre Valentina\",\"publisher\":{\"@id\":\"https:\\\/\\\/www.riartturistic.com\\\/ca\\\/#organization\"},\"alternateName\":\"Riart Tur\u00edstic\",\"potentialAction\":[{\"@type\":\"SearchAction\",\"target\":{\"@type\":\"EntryPoint\",\"urlTemplate\":\"https:\\\/\\\/www.riartturistic.com\\\/resultados-de-busqueda\\\/?search_text={search_term_string}\"},\"query-input\":{\"@type\":\"PropertyValueSpecification\",\"valueRequired\":true,\"valueName\":\"search_term_string\"}}],\"inLanguage\":\"ca\"},{\"@type\":\"Organization\",\"@id\":\"https:\\\/\\\/www.riartturistic.com\\\/ca\\\/#organization\",\"name\":\"Finques Riart - Alquiler Vacacional en Calonge, Sant Antoni y Palam\u00f3s\",\"url\":\"https:\\\/\\\/www.riartturistic.com\\\/ca\\\/\",\"logo\":{\"@type\":\"ImageObject\",\"inLanguage\":\"ca\",\"@id\":\"https:\\\/\\\/www.riartturistic.com\\\/ca\\\/#\\\/schema\\\/logo\\\/image\\\/\",\"url\":\"https:\\\/\\\/www.riartturistic.com\\\/wp-content\\\/uploads\\\/2025\\\/11\\\/RIARTuristic-claim-negatiu-sense-fons.png\",\"contentUrl\":\"https:\\\/\\\/www.riartturistic.com\\\/wp-content\\\/uploads\\\/2025\\\/11\\\/RIARTuristic-claim-negatiu-sense-fons.png\",\"width\":1200,\"height\":256,\"caption\":\"Finques Riart - Alquiler Vacacional en Calonge, Sant Antoni y Palam\u00f3s\"},\"image\":{\"@id\":\"https:\\\/\\\/www.riartturistic.com\\\/ca\\\/#\\\/schema\\\/logo\\\/image\\\/\"},\"sameAs\":[\"https:\\\/\\\/www.facebook.com\\\/finquesriart\",\"https:\\\/\\\/www.instagram.com\\\/ceigrupfinquesriart\\\/\"]}]}<\/script>\n<!-- \/ Yoast SEO plugin. -->","yoast_head_json":{"title":"cultura archivos - Riart Tur\u00edstic - Alquiler Vacacional en Calonge, Sant Antoni y Torre Valentina","description":"Riart Tur\u00edstic, tu agencia de confianza. Alquiler tur\u00edstico de casas y apartamentos en Calonge, Sant Antoni y Torre Valentina en la Costa Brava","robots":{"index":"index","follow":"follow","max-snippet":"max-snippet:-1","max-image-preview":"max-image-preview:large","max-video-preview":"max-video-preview:-1"},"canonical":"https:\/\/www.riartturistic.com\/ca\/tag\/cultura\/","og_locale":"ca_ES","og_type":"article","og_title":"cultura archivos - Riart Tur\u00edstic - Alquiler Vacacional en Calonge, Sant Antoni y Torre Valentina","og_description":"Riart Tur\u00edstic, tu agencia de confianza. Alquiler tur\u00edstico de casas y apartamentos en Calonge, Sant Antoni y Torre Valentina en la Costa Brava","og_url":"https:\/\/www.riartturistic.com\/ca\/tag\/cultura\/","og_site_name":"Riart Tur\u00edstic - Alquiler Vacacional en Calonge, Sant Antoni y Torre Valentina","og_image":[{"width":1280,"height":720,"url":"https:\/\/www.riartturistic.com\/wp-content\/uploads\/2025\/10\/rrss-riart.jpg","type":"image\/jpeg"}],"twitter_card":"summary_large_image","schema":{"@context":"https:\/\/schema.org","@graph":[{"@type":"CollectionPage","@id":"https:\/\/www.riartturistic.com\/ca\/tag\/cultura\/","url":"https:\/\/www.riartturistic.com\/ca\/tag\/cultura\/","name":"cultura archivos - Riart Tur\u00edstic - Alquiler Vacacional en Calonge, Sant Antoni y Torre Valentina","isPartOf":{"@id":"https:\/\/www.riartturistic.com\/ca\/#website"},"description":"Riart Tur\u00edstic, tu agencia de confianza. Alquiler tur\u00edstico de casas y apartamentos en Calonge, Sant Antoni y Torre Valentina en la Costa Brava","breadcrumb":{"@id":"https:\/\/www.riartturistic.com\/ca\/tag\/cultura\/#breadcrumb"},"inLanguage":"ca"},{"@type":"BreadcrumbList","@id":"https:\/\/www.riartturistic.com\/ca\/tag\/cultura\/#breadcrumb","itemListElement":[{"@type":"ListItem","position":1,"name":"Inicio","item":"https:\/\/www.riartturistic.com\/ca\/"},{"@type":"ListItem","position":2,"name":"cultura"}]},{"@type":"WebSite","@id":"https:\/\/www.riartturistic.com\/ca\/#website","url":"https:\/\/www.riartturistic.com\/ca\/","name":"Riart Tur\u00edstic - Alquiler Vacacional en Calonge, Sant Antoni y Torre Valentina","description":"Riart Tur\u00edstic - Alquiler Vacacional en Calonge, Sant Antoni y Torre Valentina","publisher":{"@id":"https:\/\/www.riartturistic.com\/ca\/#organization"},"alternateName":"Riart Tur\u00edstic","potentialAction":[{"@type":"SearchAction","target":{"@type":"EntryPoint","urlTemplate":"https:\/\/www.riartturistic.com\/resultados-de-busqueda\/?search_text={search_term_string}"},"query-input":{"@type":"PropertyValueSpecification","valueRequired":true,"valueName":"search_term_string"}}],"inLanguage":"ca"},{"@type":"Organization","@id":"https:\/\/www.riartturistic.com\/ca\/#organization","name":"Finques Riart - Alquiler Vacacional en Calonge, Sant Antoni y Palam\u00f3s","url":"https:\/\/www.riartturistic.com\/ca\/","logo":{"@type":"ImageObject","inLanguage":"ca","@id":"https:\/\/www.riartturistic.com\/ca\/#\/schema\/logo\/image\/","url":"https:\/\/www.riartturistic.com\/wp-content\/uploads\/2025\/11\/RIARTuristic-claim-negatiu-sense-fons.png","contentUrl":"https:\/\/www.riartturistic.com\/wp-content\/uploads\/2025\/11\/RIARTuristic-claim-negatiu-sense-fons.png","width":1200,"height":256,"caption":"Finques Riart - Alquiler Vacacional en Calonge, Sant Antoni y Palam\u00f3s"},"image":{"@id":"https:\/\/www.riartturistic.com\/ca\/#\/schema\/logo\/image\/"},"sameAs":["https:\/\/www.facebook.com\/finquesriart","https:\/\/www.instagram.com\/ceigrupfinquesriart\/"]}]}},"_links":{"self":[{"href":"https:\/\/www.riartturistic.com\/ca\/wp-json\/wp\/v2\/tags\/47","targetHints":{"allow":["GET"]}}],"collection":[{"href":"https:\/\/www.riartturistic.com\/ca\/wp-json\/wp\/v2\/tags"}],"about":[{"href":"https:\/\/www.riartturistic.com\/ca\/wp-json\/wp\/v2\/taxonomies\/post_tag"}],"wp:post_type":[{"href":"https:\/\/www.riartturistic.com\/ca\/wp-json\/wp\/v2\/posts?tags=47"}],"curies":[{"name":"wp","href":"https:\/\/api.w.org\/{rel}","templated":true}]}}